{"id":1836,"date":"2020-01-10T16:03:12","date_gmt":"2020-01-10T19:03:12","guid":{"rendered":"https:\/\/dev.tresmedios.cl\/parental\/?p=1836"},"modified":"2020-01-10T16:03:12","modified_gmt":"2020-01-10T19:03:12","slug":"los-riesgos-del-verano-para-la-salud-y-belleza-del-cabello","status":"publish","type":"post","link":"https:\/\/dev.tresmedios.cl\/parental\/los-riesgos-del-verano-para-la-salud-y-belleza-del-cabello\/","title":{"rendered":"Los Riesgos del Verano para la Salud y Belleza del Cabello"},"content":{"rendered":"<p style=\"text-align: justify;\"><strong>Los Rayos Solares y especialmente el Agua de Mar pueden causar estragos en la salud y belleza del cabello. En este art\u00edculo te preparamos para esta \u00e9poca estival.<\/strong><\/p>\n<p style=\"text-align: justify;\">\u00bfY d\u00f3nde se re\u00fanen esos dos peligros? Generalmente en nuestras vacaciones y en nuestra playa favorita. Por esto, si te est\u00e1s preparando para disfrutar de unos d\u00edas en la costa, si disfrutas tenderte en la arena y buscar ese tono dorado en la piel bajo los rayos del Sol y buscas refrescarte y divertirte en las olas del mar, no dejes de leer lo que te relataremos en esta nota.<\/p>\n<p style=\"text-align: justify;\">Nuestro cabello est\u00e1 compuesto por Keratina. Por eso recomendamos siempre aplicar a tu cabello shampoos sin sal ni sulfatos, ya que estos pueden abrir las cut\u00edculas y eliminar la Keratina. Si unas gotas de shampoo con abundancia de sal pueden acabar con la Keratina luego de pocos lavados, \u00bfimaginas el da\u00f1o que puede hacer el agua de mar, que se encuentra saturada de cloruro de sodio en tu cabello?<\/p>\n<p style=\"text-align: justify;\">La Keratina es una prote\u00edna estructural que se encuentra tambi\u00e9n en nuestra piel y u\u00f1as. Tambi\u00e9n se localiza usualmente en productos de peinado para ayudar a fortalecer el cabello, pero es en realidad un nombre inadecuado. Los tratamientos de Keratina son un m\u00e9todo de alisado semipermanente que suaviza y agrega brillo al cabello encrespado.<\/p>\n<p style=\"text-align: justify;\">Nuestro servicio de <strong>Alisado de Keratina<\/strong> se ha convertido en una de las pr\u00e1cticas m\u00e1s demandadas en las primeras semanas del verano, porque permite lucir un cabello sano, liso y que cotidianamente el acomodado y peinado del mismo sea m\u00e1s simple.<\/p>\n<p style=\"text-align: justify;\">El proceso de aplicaci\u00f3n consiste en abrir la cut\u00edcula del tu pelo para incorporar la Keratina y sellar con la plancha, de esta forma el pelo se reestructura al recuperar gran parte de su Keratina perdida. Los tratamientos de keratina completan la porosidad de tu cabello, ya que cuando est\u00e1 excesivamente poroso causa enredos, frizz y roturas.<\/p>\n<p style=\"text-align: justify;\"><strong>IMPORTANTE: <\/strong><br \/>\n<strong>Los tratamientos de Keratina pueden ser perjudiciales si el cabello se sobrecalienta con un secador de pelo o una plancha durante el proceso, por lo que es importante asegurarse de ser atendida por un Estilista experimentado que sea cauteloso. Prefiere profesionales calificados.<\/strong><\/p>\n<p style=\"text-align: justify;\"><strong>En SHasconas te entregamos toda la asesor\u00eda que requieres para verte siempre atractiva, preparada para enfrentar cada desaf\u00edo que te propongas. <\/strong><a href=\"https:\/\/dev.tresmedios.cl\/parental\/agenda-tu-hora\"><strong>Agenda tu hora ac\u00e1<\/strong><\/a><strong>.<\/strong><\/p>\n<p style=\"text-align: justify;\">Te invitamos a seguir haciendo comunidad y seguirnos en nuestras redes sociales donde activamente publicamos noticias sobre nuestros productos, tendencias y consejos para el cuidado de tus u\u00f1as.<\/p>\n<ul>\n<li style=\"text-align: justify;\"><a href=\"http:\/\/www.facebook.com\/shasconasspa\" target=\"_blank\" rel=\"noopener noreferrer\">Facebook<\/a><\/li>\n<li style=\"text-align: justify;\"><a href=\"http:\/\/www.instagram.com\/shasconasspa\" target=\"_blank\" rel=\"noopener noreferrer\">Instagram<\/a><\/li>\n<li style=\"text-align: justify;\"><a href=\"http:\/\/www.twitter.com\/shasconasspa1\" target=\"_blank\" rel=\"noopener noreferrer\">Twitter<\/a><\/li>\n<\/ul>\n","protected":false},"excerpt":{"rendered":"<p>Los Rayos Solares y especialmente el Agua de Mar pueden causar estragos en la salud y belleza del cabello. En este art\u00edculo te preparamos para esta \u00e9poca estival. \u00bfY d\u00f3nde se re\u00fanen esos dos peligros? Generalmente en nuestras vacaciones y en nuestra playa favorita. Por esto, si te est\u00e1s preparando para disfrutar de unos d\u00edas [&hellip;]<\/p>\n","protected":false},"author":1,"featured_media":1837,"comment_status":"closed","ping_status":"closed","sticky":false,"template":"","format":"standard","meta":{"_joinchat":[]},"categories":[17],"tags":[],"yoast_head":"<!-- This site is optimized with the Yoast SEO plugin v19.7.1 - https:\/\/yoast.com\/wordpress\/plugins\/seo\/ -->\n<title>Los Riesgos del Verano para la Salud y Belleza del Cabello - Responsabilidad Parental<\/title>\n<meta name=\"description\" content=\"Los Rayos Solares y especialmente el Agua de Mar pueden causar estragos en la salud y belleza del cabello. En este art\u00edculo te preparamos para esta \u00e9poca.\" \/>\n<meta name=\"robots\" content=\"index, follow, max-snippet:-1, max-image-preview:large, max-video-preview:-1\" \/>\n<link rel=\"canonical\" href=\"https:\/\/dev.tresmedios.cl\/parental\/los-riesgos-del-verano-para-la-salud-y-belleza-del-cabello\/\" \/>\n<meta property=\"og:locale\" content=\"es_ES\" \/>\n<meta property=\"og:type\" content=\"article\" \/>\n<meta property=\"og:title\" content=\"Los Riesgos del Verano para la Salud y Belleza del Cabello - Responsabilidad Parental\" \/>\n<meta property=\"og:description\" content=\"Los Rayos Solares y especialmente el Agua de Mar pueden causar estragos en la salud y belleza del cabello. En este art\u00edculo te preparamos para esta \u00e9poca.\" \/>\n<meta property=\"og:url\" content=\"https:\/\/dev.tresmedios.cl\/parental\/los-riesgos-del-verano-para-la-salud-y-belleza-del-cabello\/\" \/>\n<meta property=\"og:site_name\" content=\"Responsabilidad Parental\" \/>\n<meta property=\"article:publisher\" content=\"https:\/\/www.facebook.com\/shasconasspa\/\" \/>\n<meta property=\"article:published_time\" content=\"2020-01-10T19:03:12+00:00\" \/>\n<meta property=\"og:image\" content=\"https:\/\/dev.tresmedios.cl\/parental\/wp-content\/uploads\/2020\/01\/Los-Riesgos-del-Verano-para-la-Salud-y-Belleza-del-Cabello.jpg\" \/>\n\t<meta property=\"og:image:width\" content=\"833\" \/>\n\t<meta property=\"og:image:height\" content=\"430\" \/>\n\t<meta property=\"og:image:type\" content=\"image\/jpeg\" \/>\n<meta name=\"author\" content=\"SHASCONAS\" \/>\n<meta name=\"twitter:card\" content=\"summary_large_image\" \/>\n<meta name=\"twitter:creator\" content=\"@shasconasspa1\" \/>\n<meta name=\"twitter:site\" content=\"@shasconasspa1\" \/>\n<meta name=\"twitter:label1\" content=\"Written by\" \/>\n\t<meta name=\"twitter:data1\" content=\"SHASCONAS\" \/>\n\t<meta name=\"twitter:label2\" content=\"Est. reading time\" \/>\n\t<meta name=\"twitter:data2\" content=\"2 minutos\" \/>\n<script type=\"application\/ld+json\" class=\"yoast-schema-graph\">{\"@context\":\"https:\/\/schema.org\",\"@graph\":[{\"@type\":\"Article\",\"@id\":\"https:\/\/dev.tresmedios.cl\/parental\/los-riesgos-del-verano-para-la-salud-y-belleza-del-cabello\/#article\",\"isPartOf\":{\"@id\":\"https:\/\/dev.tresmedios.cl\/parental\/los-riesgos-del-verano-para-la-salud-y-belleza-del-cabello\/\"},\"author\":{\"name\":\"SHASCONAS\",\"@id\":\"https:\/\/dev.tresmedios.cl\/parental\/#\/schema\/person\/598ba6a48ca908d272f077da5b41213b\"},\"headline\":\"Los Riesgos del Verano para la Salud y Belleza del Cabello\",\"datePublished\":\"2020-01-10T19:03:12+00:00\",\"dateModified\":\"2020-01-10T19:03:12+00:00\",\"mainEntityOfPage\":{\"@id\":\"https:\/\/dev.tresmedios.cl\/parental\/los-riesgos-del-verano-para-la-salud-y-belleza-del-cabello\/\"},\"wordCount\":449,\"publisher\":{\"@id\":\"https:\/\/dev.tresmedios.cl\/parental\/#organization\"},\"articleSection\":[\"Art\u00edculos de Inter\u00e9s\"],\"inLanguage\":\"es-CL\"},{\"@type\":\"WebPage\",\"@id\":\"https:\/\/dev.tresmedios.cl\/parental\/los-riesgos-del-verano-para-la-salud-y-belleza-del-cabello\/\",\"url\":\"https:\/\/dev.tresmedios.cl\/parental\/los-riesgos-del-verano-para-la-salud-y-belleza-del-cabello\/\",\"name\":\"Los Riesgos del Verano para la Salud y Belleza del Cabello - Responsabilidad Parental\",\"isPartOf\":{\"@id\":\"https:\/\/dev.tresmedios.cl\/parental\/#website\"},\"datePublished\":\"2020-01-10T19:03:12+00:00\",\"dateModified\":\"2020-01-10T19:03:12+00:00\",\"description\":\"Los Rayos Solares y especialmente el Agua de Mar pueden causar estragos en la salud y belleza del cabello. En este art\u00edculo te preparamos para esta \u00e9poca.\",\"breadcrumb\":{\"@id\":\"https:\/\/dev.tresmedios.cl\/parental\/los-riesgos-del-verano-para-la-salud-y-belleza-del-cabello\/#breadcrumb\"},\"inLanguage\":\"es-CL\",\"potentialAction\":[{\"@type\":\"ReadAction\",\"target\":[\"https:\/\/dev.tresmedios.cl\/parental\/los-riesgos-del-verano-para-la-salud-y-belleza-del-cabello\/\"]}]},{\"@type\":\"BreadcrumbList\",\"@id\":\"https:\/\/dev.tresmedios.cl\/parental\/los-riesgos-del-verano-para-la-salud-y-belleza-del-cabello\/#breadcrumb\",\"itemListElement\":[{\"@type\":\"ListItem\",\"position\":1,\"name\":\"Portada\",\"item\":\"https:\/\/dev.tresmedios.cl\/parental\/\"},{\"@type\":\"ListItem\",\"position\":2,\"name\":\"Los Riesgos del Verano para la Salud y Belleza del Cabello\"}]},{\"@type\":\"WebSite\",\"@id\":\"https:\/\/dev.tresmedios.cl\/parental\/#website\",\"url\":\"https:\/\/dev.tresmedios.cl\/parental\/\",\"name\":\"Shasconas SPA\",\"description\":\"By Sherie Helmich\",\"publisher\":{\"@id\":\"https:\/\/dev.tresmedios.cl\/parental\/#organization\"},\"potentialAction\":[{\"@type\":\"SearchAction\",\"target\":{\"@type\":\"EntryPoint\",\"urlTemplate\":\"https:\/\/dev.tresmedios.cl\/parental\/?s={search_term_string}\"},\"query-input\":\"required name=search_term_string\"}],\"inLanguage\":\"es-CL\"},{\"@type\":\"Organization\",\"@id\":\"https:\/\/dev.tresmedios.cl\/parental\/#organization\",\"name\":\"Shasconas\",\"url\":\"https:\/\/dev.tresmedios.cl\/parental\/\",\"sameAs\":[\"https:\/\/www.instagram.com\/shasconasspa\/\",\"https:\/\/www.facebook.com\/shasconasspa\/\",\"https:\/\/twitter.com\/shasconasspa1\"],\"logo\":{\"@type\":\"ImageObject\",\"inLanguage\":\"es-CL\",\"@id\":\"https:\/\/dev.tresmedios.cl\/parental\/#\/schema\/logo\/image\/\",\"url\":\"https:\/\/dev.tresmedios.cl\/parental\/wp-content\/uploads\/2019\/01\/Logo-Shasconas-RTNA.png\",\"contentUrl\":\"https:\/\/dev.tresmedios.cl\/parental\/wp-content\/uploads\/2019\/01\/Logo-Shasconas-RTNA.png\",\"width\":349,\"height\":160,\"caption\":\"Shasconas\"},\"image\":{\"@id\":\"https:\/\/dev.tresmedios.cl\/parental\/#\/schema\/logo\/image\/\"}},{\"@type\":\"Person\",\"@id\":\"https:\/\/dev.tresmedios.cl\/parental\/#\/schema\/person\/598ba6a48ca908d272f077da5b41213b\",\"name\":\"SHASCONAS\",\"image\":{\"@type\":\"ImageObject\",\"inLanguage\":\"es-CL\",\"@id\":\"https:\/\/dev.tresmedios.cl\/parental\/#\/schema\/person\/image\/\",\"url\":\"https:\/\/secure.gravatar.com\/avatar\/d021ca9df1a200875eca0a73eb9417dd?s=96&d=mm&r=g\",\"contentUrl\":\"https:\/\/secure.gravatar.com\/avatar\/d021ca9df1a200875eca0a73eb9417dd?s=96&d=mm&r=g\",\"caption\":\"SHASCONAS\"}}]}<\/script>\n<!-- \/ Yoast SEO plugin. -->","yoast_head_json":{"title":"Los Riesgos del Verano para la Salud y Belleza del Cabello - Responsabilidad Parental","description":"Los Rayos Solares y especialmente el Agua de Mar pueden causar estragos en la salud y belleza del cabello. En este art\u00edculo te preparamos para esta \u00e9poca.","robots":{"index":"index","follow":"follow","max-snippet":"max-snippet:-1","max-image-preview":"max-image-preview:large","max-video-preview":"max-video-preview:-1"},"canonical":"https:\/\/dev.tresmedios.cl\/parental\/los-riesgos-del-verano-para-la-salud-y-belleza-del-cabello\/","og_locale":"es_ES","og_type":"article","og_title":"Los Riesgos del Verano para la Salud y Belleza del Cabello - Responsabilidad Parental","og_description":"Los Rayos Solares y especialmente el Agua de Mar pueden causar estragos en la salud y belleza del cabello. En este art\u00edculo te preparamos para esta \u00e9poca.","og_url":"https:\/\/dev.tresmedios.cl\/parental\/los-riesgos-del-verano-para-la-salud-y-belleza-del-cabello\/","og_site_name":"Responsabilidad Parental","article_publisher":"https:\/\/www.facebook.com\/shasconasspa\/","article_published_time":"2020-01-10T19:03:12+00:00","og_image":[{"width":833,"height":430,"url":"https:\/\/dev.tresmedios.cl\/parental\/wp-content\/uploads\/2020\/01\/Los-Riesgos-del-Verano-para-la-Salud-y-Belleza-del-Cabello.jpg","type":"image\/jpeg"}],"author":"SHASCONAS","twitter_card":"summary_large_image","twitter_creator":"@shasconasspa1","twitter_site":"@shasconasspa1","twitter_misc":{"Written by":"SHASCONAS","Est. reading time":"2 minutos"},"schema":{"@context":"https:\/\/schema.org","@graph":[{"@type":"Article","@id":"https:\/\/dev.tresmedios.cl\/parental\/los-riesgos-del-verano-para-la-salud-y-belleza-del-cabello\/#article","isPartOf":{"@id":"https:\/\/dev.tresmedios.cl\/parental\/los-riesgos-del-verano-para-la-salud-y-belleza-del-cabello\/"},"author":{"name":"SHASCONAS","@id":"https:\/\/dev.tresmedios.cl\/parental\/#\/schema\/person\/598ba6a48ca908d272f077da5b41213b"},"headline":"Los Riesgos del Verano para la Salud y Belleza del Cabello","datePublished":"2020-01-10T19:03:12+00:00","dateModified":"2020-01-10T19:03:12+00:00","mainEntityOfPage":{"@id":"https:\/\/dev.tresmedios.cl\/parental\/los-riesgos-del-verano-para-la-salud-y-belleza-del-cabello\/"},"wordCount":449,"publisher":{"@id":"https:\/\/dev.tresmedios.cl\/parental\/#organization"},"articleSection":["Art\u00edculos de Inter\u00e9s"],"inLanguage":"es-CL"},{"@type":"WebPage","@id":"https:\/\/dev.tresmedios.cl\/parental\/los-riesgos-del-verano-para-la-salud-y-belleza-del-cabello\/","url":"https:\/\/dev.tresmedios.cl\/parental\/los-riesgos-del-verano-para-la-salud-y-belleza-del-cabello\/","name":"Los Riesgos del Verano para la Salud y Belleza del Cabello - Responsabilidad Parental","isPartOf":{"@id":"https:\/\/dev.tresmedios.cl\/parental\/#website"},"datePublished":"2020-01-10T19:03:12+00:00","dateModified":"2020-01-10T19:03:12+00:00","description":"Los Rayos Solares y especialmente el Agua de Mar pueden causar estragos en la salud y belleza del cabello. En este art\u00edculo te preparamos para esta \u00e9poca.","breadcrumb":{"@id":"https:\/\/dev.tresmedios.cl\/parental\/los-riesgos-del-verano-para-la-salud-y-belleza-del-cabello\/#breadcrumb"},"inLanguage":"es-CL","potentialAction":[{"@type":"ReadAction","target":["https:\/\/dev.tresmedios.cl\/parental\/los-riesgos-del-verano-para-la-salud-y-belleza-del-cabello\/"]}]},{"@type":"BreadcrumbList","@id":"https:\/\/dev.tresmedios.cl\/parental\/los-riesgos-del-verano-para-la-salud-y-belleza-del-cabello\/#breadcrumb","itemListElement":[{"@type":"ListItem","position":1,"name":"Portada","item":"https:\/\/dev.tresmedios.cl\/parental\/"},{"@type":"ListItem","position":2,"name":"Los Riesgos del Verano para la Salud y Belleza del Cabello"}]},{"@type":"WebSite","@id":"https:\/\/dev.tresmedios.cl\/parental\/#website","url":"https:\/\/dev.tresmedios.cl\/parental\/","name":"Shasconas SPA","description":"By Sherie Helmich","publisher":{"@id":"https:\/\/dev.tresmedios.cl\/parental\/#organization"},"potentialAction":[{"@type":"SearchAction","target":{"@type":"EntryPoint","urlTemplate":"https:\/\/dev.tresmedios.cl\/parental\/?s={search_term_string}"},"query-input":"required name=search_term_string"}],"inLanguage":"es-CL"},{"@type":"Organization","@id":"https:\/\/dev.tresmedios.cl\/parental\/#organization","name":"Shasconas","url":"https:\/\/dev.tresmedios.cl\/parental\/","sameAs":["https:\/\/www.instagram.com\/shasconasspa\/","https:\/\/www.facebook.com\/shasconasspa\/","https:\/\/twitter.com\/shasconasspa1"],"logo":{"@type":"ImageObject","inLanguage":"es-CL","@id":"https:\/\/dev.tresmedios.cl\/parental\/#\/schema\/logo\/image\/","url":"https:\/\/dev.tresmedios.cl\/parental\/wp-content\/uploads\/2019\/01\/Logo-Shasconas-RTNA.png","contentUrl":"https:\/\/dev.tresmedios.cl\/parental\/wp-content\/uploads\/2019\/01\/Logo-Shasconas-RTNA.png","width":349,"height":160,"caption":"Shasconas"},"image":{"@id":"https:\/\/dev.tresmedios.cl\/parental\/#\/schema\/logo\/image\/"}},{"@type":"Person","@id":"https:\/\/dev.tresmedios.cl\/parental\/#\/schema\/person\/598ba6a48ca908d272f077da5b41213b","name":"SHASCONAS","image":{"@type":"ImageObject","inLanguage":"es-CL","@id":"https:\/\/dev.tresmedios.cl\/parental\/#\/schema\/person\/image\/","url":"https:\/\/secure.gravatar.com\/avatar\/d021ca9df1a200875eca0a73eb9417dd?s=96&d=mm&r=g","contentUrl":"https:\/\/secure.gravatar.com\/avatar\/d021ca9df1a200875eca0a73eb9417dd?s=96&d=mm&r=g","caption":"SHASCONAS"}}]}},"_links":{"self":[{"href":"https:\/\/dev.tresmedios.cl\/parental\/wp-json\/wp\/v2\/posts\/1836"}],"collection":[{"href":"https:\/\/dev.tresmedios.cl\/parental\/wp-json\/wp\/v2\/posts"}],"about":[{"href":"https:\/\/dev.tresmedios.cl\/parental\/wp-json\/wp\/v2\/types\/post"}],"author":[{"embeddable":true,"href":"https:\/\/dev.tresmedios.cl\/parental\/wp-json\/wp\/v2\/users\/1"}],"replies":[{"embeddable":true,"href":"https:\/\/dev.tresmedios.cl\/parental\/wp-json\/wp\/v2\/comments?post=1836"}],"version-history":[{"count":1,"href":"https:\/\/dev.tresmedios.cl\/parental\/wp-json\/wp\/v2\/posts\/1836\/revisions"}],"predecessor-version":[{"id":1838,"href":"https:\/\/dev.tresmedios.cl\/parental\/wp-json\/wp\/v2\/posts\/1836\/revisions\/1838"}],"wp:featuredmedia":[{"embeddable":true,"href":"https:\/\/dev.tresmedios.cl\/parental\/wp-json\/wp\/v2\/media\/1837"}],"wp:attachment":[{"href":"https:\/\/dev.tresmedios.cl\/parental\/wp-json\/wp\/v2\/media?parent=1836"}],"wp:term":[{"taxonomy":"category","embeddable":true,"href":"https:\/\/dev.tresmedios.cl\/parental\/wp-json\/wp\/v2\/categories?post=1836"},{"taxonomy":"post_tag","embeddable":true,"href":"https:\/\/dev.tresmedios.cl\/parental\/wp-json\/wp\/v2\/tags?post=1836"}],"curies":[{"name":"wp","href":"https:\/\/api.w.org\/{rel}","templated":true}]}}