{"id":1496,"date":"2019-10-01T00:01:39","date_gmt":"2019-10-01T03:01:39","guid":{"rendered":"https:\/\/dev.tresmedios.cl\/parental\/?p=1496"},"modified":"2019-09-30T14:45:25","modified_gmt":"2019-09-30T17:45:25","slug":"masajes-capilares-fuerza-y-salud-a-tu-cabello","status":"publish","type":"post","link":"https:\/\/dev.tresmedios.cl\/parental\/masajes-capilares-fuerza-y-salud-a-tu-cabello\/","title":{"rendered":"Masajes Capilares: Fuerza y Salud a tu Cabello."},"content":{"rendered":"<p style=\"text-align: justify;\"><strong>Existen variados tratamientos de Masajes Capilares en el mercado actualmente; Craneal, Shot de Vitaminas, Reestructurante, de Hidrataci\u00f3n, con Keratina y Rejuvenecedor.<\/strong><\/p>\n<p style=\"text-align: justify;\">Sin embargo en este art\u00edculo queremos centrarnos en el hecho que una rutina de masajes del cuero cabelludo aminora significativamente los efectos de la ca\u00edda de cabello.<\/p>\n<p style=\"text-align: justify;\"><em>&#8220;El impulso de la circulaci\u00f3n sangu\u00ednea a la superficie de la piel no solo ayuda a proporcionar m\u00e1s nutrientes, sino que tambi\u00e9n es relajante. Recordemos que uno de los gatillantes para la ca\u00edda del pelo es el estr\u00e9s, lo que puede empeorar la p\u00e9rdida de cabello\u201d,<\/em> ha expresado recientemente la Dra. Debra Jaliman, Dermat\u00f3loga Est\u00e9tica de New York.<\/p>\n<p style=\"text-align: justify;\">Una publicaci\u00f3n en la edici\u00f3n de octubre de 2016 del Journal of Physical Therapy Science respalda lo expresado por la facultativa. Se descubri\u00f3 que un masaje en el cuero cabelludo dos veces por semana puede reducir las hormonas del estr\u00e9s, la presi\u00f3n arterial y la frecuencia card\u00edaca de una persona, todas las cuales se sabe que est\u00e1n elevadas en momentos de estr\u00e9s emocional o f\u00edsico.<\/p>\n<p style=\"text-align: justify;\"><strong>Los Masajes Capilares en todas sus variaciones, realizado por terapeutas capacitados, es uno de las atenciones que m\u00e1s solicitan nuestros clientes. Conoce m\u00e1s detalles de este servicio <\/strong><a href=\"https:\/\/dev.tresmedios.cl\/parental\/servicios\/hair-styling-color\/masaje\"><strong>aqu\u00ed<\/strong><\/a><strong>.<\/strong><\/p>\n<p style=\"text-align: justify;\">Masajear el cuero cabelludo con un prop\u00f3sito de crecimiento del cabello requiere aplicar presi\u00f3n con los dedos. Esto se hace para aumentar la circulaci\u00f3n sangu\u00ednea a los fol\u00edculos capilares, rejuvenecer las ra\u00edces y acondicionar el cuero cabelludo. Los fol\u00edculos capilares est\u00e1n formados por C\u00e9lulas Madre hiperactivas: cuando se les da un impulso de ox\u00edgeno, se promueve el crecimiento del cabello. El masaje dilata las arterias peque\u00f1as dentro del cuero cabelludo que aumentan el flujo de sangre a los fol\u00edculos. Tambi\u00e9n mejoran la textura del cabello, haci\u00e9ndolo m\u00e1s grueso y fuerte con el tiempo.<\/p>\n<p style=\"text-align: justify;\">Usar masajes del cuero cabelludo para promover el crecimiento del cabello es un proceso lento, pero extremadamente efectivo. Recomendamos adicionalmente agregar masajes tradicionales del cuero cabelludo adem\u00e1s de aplicar peri\u00f3dicamente productos que promueven el crecimiento del cabello para obtener los m\u00e1ximos beneficios.<\/p>\n<p style=\"text-align: justify;\"><strong>En SHasconas encontrar\u00e1s todo lo que necesitas para estar siempre hermosa, lista para enfrentar cada desaf\u00edo que te propongas. <\/strong><a href=\"https:\/\/dev.tresmedios.cl\/parental\/agenda-tu-hora\"><strong>SISTEMA DE AGENDAMIENTO<\/strong><\/a><\/p>\n<p style=\"text-align: justify;\"><strong>S\u00edguenos en nuestras Redes Sociales:<\/strong><\/p>\n<ul>\n<li style=\"text-align: justify;\"><a href=\"http:\/\/www.facebook.com\/shasconasspa\" target=\"_blank\" rel=\"noopener noreferrer\">Facebook<\/a><\/li>\n<li style=\"text-align: justify;\"><a href=\"http:\/\/www.instagram.com\/shasconasspa\" target=\"_blank\" rel=\"noopener noreferrer\">Instagram<\/a><\/li>\n<li style=\"text-align: justify;\"><a href=\"http:\/\/www.twitter.com\/shasconasspa1\" target=\"_blank\" rel=\"noopener noreferrer\">Twitter<\/a><\/li>\n<\/ul>\n","protected":false},"excerpt":{"rendered":"<p>Existen variados tratamientos de Masajes Capilares en el mercado actualmente; Craneal, Shot de Vitaminas, Reestructurante, de Hidrataci\u00f3n, con Keratina y Rejuvenecedor. Sin embargo en este art\u00edculo queremos centrarnos en el hecho que una rutina de masajes del cuero cabelludo aminora significativamente los efectos de la ca\u00edda de cabello. &#8220;El impulso de la circulaci\u00f3n sangu\u00ednea a [&hellip;]<\/p>\n","protected":false},"author":1,"featured_media":1497,"comment_status":"open","ping_status":"open","sticky":false,"template":"","format":"standard","meta":{"_joinchat":[]},"categories":[17],"tags":[],"yoast_head":"<!-- This site is optimized with the Yoast SEO plugin v19.7.1 - https:\/\/yoast.com\/wordpress\/plugins\/seo\/ -->\n<title>Masajes Capilares: Fuerza y Salud a tu Cabello. - Responsabilidad Parental<\/title>\n<meta name=\"description\" content=\"En este art\u00edculo queremos centrarnos en el hecho de que una rutina de masajes capilares aminora significativamente los efectos de la ca\u00edda de cabello.\" \/>\n<meta name=\"robots\" content=\"index, follow, max-snippet:-1, max-image-preview:large, max-video-preview:-1\" \/>\n<link rel=\"canonical\" href=\"https:\/\/dev.tresmedios.cl\/parental\/masajes-capilares-fuerza-y-salud-a-tu-cabello\/\" \/>\n<meta property=\"og:locale\" content=\"es_ES\" \/>\n<meta property=\"og:type\" content=\"article\" \/>\n<meta property=\"og:title\" content=\"Masajes Capilares: Fuerza y Salud a tu Cabello. - Responsabilidad Parental\" \/>\n<meta property=\"og:description\" content=\"En este art\u00edculo queremos centrarnos en el hecho de que una rutina de masajes capilares aminora significativamente los efectos de la ca\u00edda de cabello.\" \/>\n<meta property=\"og:url\" content=\"https:\/\/dev.tresmedios.cl\/parental\/masajes-capilares-fuerza-y-salud-a-tu-cabello\/\" \/>\n<meta property=\"og:site_name\" content=\"Responsabilidad Parental\" \/>\n<meta property=\"article:publisher\" content=\"https:\/\/www.facebook.com\/shasconasspa\/\" \/>\n<meta property=\"article:published_time\" content=\"2019-10-01T03:01:39+00:00\" \/>\n<meta property=\"article:modified_time\" content=\"2019-09-30T17:45:25+00:00\" \/>\n<meta property=\"og:image\" content=\"https:\/\/dev.tresmedios.cl\/parental\/wp-content\/uploads\/2019\/09\/Masajes-Capilares-Fuerza-y-Salud-a-tu-Cabello.jpg\" \/>\n\t<meta property=\"og:image:width\" content=\"833\" \/>\n\t<meta property=\"og:image:height\" content=\"430\" \/>\n\t<meta property=\"og:image:type\" content=\"image\/jpeg\" \/>\n<meta name=\"author\" content=\"SHASCONAS\" \/>\n<meta name=\"twitter:card\" content=\"summary_large_image\" \/>\n<meta name=\"twitter:creator\" content=\"@shasconasspa1\" \/>\n<meta name=\"twitter:site\" content=\"@shasconasspa1\" \/>\n<meta name=\"twitter:label1\" content=\"Written by\" \/>\n\t<meta name=\"twitter:data1\" content=\"SHASCONAS\" \/>\n\t<meta name=\"twitter:label2\" content=\"Est. reading time\" \/>\n\t<meta name=\"twitter:data2\" content=\"2 minutos\" \/>\n<script type=\"application\/ld+json\" class=\"yoast-schema-graph\">{\"@context\":\"https:\/\/schema.org\",\"@graph\":[{\"@type\":\"Article\",\"@id\":\"https:\/\/dev.tresmedios.cl\/parental\/masajes-capilares-fuerza-y-salud-a-tu-cabello\/#article\",\"isPartOf\":{\"@id\":\"https:\/\/dev.tresmedios.cl\/parental\/masajes-capilares-fuerza-y-salud-a-tu-cabello\/\"},\"author\":{\"name\":\"SHASCONAS\",\"@id\":\"https:\/\/dev.tresmedios.cl\/parental\/#\/schema\/person\/598ba6a48ca908d272f077da5b41213b\"},\"headline\":\"Masajes Capilares: Fuerza y Salud a tu Cabello.\",\"datePublished\":\"2019-10-01T03:01:39+00:00\",\"dateModified\":\"2019-09-30T17:45:25+00:00\",\"mainEntityOfPage\":{\"@id\":\"https:\/\/dev.tresmedios.cl\/parental\/masajes-capilares-fuerza-y-salud-a-tu-cabello\/\"},\"wordCount\":414,\"commentCount\":0,\"publisher\":{\"@id\":\"https:\/\/dev.tresmedios.cl\/parental\/#organization\"},\"articleSection\":[\"Art\u00edculos de Inter\u00e9s\"],\"inLanguage\":\"es-CL\",\"potentialAction\":[{\"@type\":\"CommentAction\",\"name\":\"Comment\",\"target\":[\"https:\/\/dev.tresmedios.cl\/parental\/masajes-capilares-fuerza-y-salud-a-tu-cabello\/#respond\"]}]},{\"@type\":\"WebPage\",\"@id\":\"https:\/\/dev.tresmedios.cl\/parental\/masajes-capilares-fuerza-y-salud-a-tu-cabello\/\",\"url\":\"https:\/\/dev.tresmedios.cl\/parental\/masajes-capilares-fuerza-y-salud-a-tu-cabello\/\",\"name\":\"Masajes Capilares: Fuerza y Salud a tu Cabello. - Responsabilidad Parental\",\"isPartOf\":{\"@id\":\"https:\/\/dev.tresmedios.cl\/parental\/#website\"},\"datePublished\":\"2019-10-01T03:01:39+00:00\",\"dateModified\":\"2019-09-30T17:45:25+00:00\",\"description\":\"En este art\u00edculo queremos centrarnos en el hecho de que una rutina de masajes capilares aminora significativamente los efectos de la ca\u00edda de cabello.\",\"breadcrumb\":{\"@id\":\"https:\/\/dev.tresmedios.cl\/parental\/masajes-capilares-fuerza-y-salud-a-tu-cabello\/#breadcrumb\"},\"inLanguage\":\"es-CL\",\"potentialAction\":[{\"@type\":\"ReadAction\",\"target\":[\"https:\/\/dev.tresmedios.cl\/parental\/masajes-capilares-fuerza-y-salud-a-tu-cabello\/\"]}]},{\"@type\":\"BreadcrumbList\",\"@id\":\"https:\/\/dev.tresmedios.cl\/parental\/masajes-capilares-fuerza-y-salud-a-tu-cabello\/#breadcrumb\",\"itemListElement\":[{\"@type\":\"ListItem\",\"position\":1,\"name\":\"Portada\",\"item\":\"https:\/\/dev.tresmedios.cl\/parental\/\"},{\"@type\":\"ListItem\",\"position\":2,\"name\":\"Masajes Capilares: Fuerza y Salud a tu Cabello.\"}]},{\"@type\":\"WebSite\",\"@id\":\"https:\/\/dev.tresmedios.cl\/parental\/#website\",\"url\":\"https:\/\/dev.tresmedios.cl\/parental\/\",\"name\":\"Shasconas SPA\",\"description\":\"By Sherie Helmich\",\"publisher\":{\"@id\":\"https:\/\/dev.tresmedios.cl\/parental\/#organization\"},\"potentialAction\":[{\"@type\":\"SearchAction\",\"target\":{\"@type\":\"EntryPoint\",\"urlTemplate\":\"https:\/\/dev.tresmedios.cl\/parental\/?s={search_term_string}\"},\"query-input\":\"required name=search_term_string\"}],\"inLanguage\":\"es-CL\"},{\"@type\":\"Organization\",\"@id\":\"https:\/\/dev.tresmedios.cl\/parental\/#organization\",\"name\":\"Shasconas\",\"url\":\"https:\/\/dev.tresmedios.cl\/parental\/\",\"sameAs\":[\"https:\/\/www.instagram.com\/shasconasspa\/\",\"https:\/\/www.facebook.com\/shasconasspa\/\",\"https:\/\/twitter.com\/shasconasspa1\"],\"logo\":{\"@type\":\"ImageObject\",\"inLanguage\":\"es-CL\",\"@id\":\"https:\/\/dev.tresmedios.cl\/parental\/#\/schema\/logo\/image\/\",\"url\":\"https:\/\/dev.tresmedios.cl\/parental\/wp-content\/uploads\/2019\/01\/Logo-Shasconas-RTNA.png\",\"contentUrl\":\"https:\/\/dev.tresmedios.cl\/parental\/wp-content\/uploads\/2019\/01\/Logo-Shasconas-RTNA.png\",\"width\":349,\"height\":160,\"caption\":\"Shasconas\"},\"image\":{\"@id\":\"https:\/\/dev.tresmedios.cl\/parental\/#\/schema\/logo\/image\/\"}},{\"@type\":\"Person\",\"@id\":\"https:\/\/dev.tresmedios.cl\/parental\/#\/schema\/person\/598ba6a48ca908d272f077da5b41213b\",\"name\":\"SHASCONAS\",\"image\":{\"@type\":\"ImageObject\",\"inLanguage\":\"es-CL\",\"@id\":\"https:\/\/dev.tresmedios.cl\/parental\/#\/schema\/person\/image\/\",\"url\":\"https:\/\/secure.gravatar.com\/avatar\/d021ca9df1a200875eca0a73eb9417dd?s=96&d=mm&r=g\",\"contentUrl\":\"https:\/\/secure.gravatar.com\/avatar\/d021ca9df1a200875eca0a73eb9417dd?s=96&d=mm&r=g\",\"caption\":\"SHASCONAS\"}}]}<\/script>\n<!-- \/ Yoast SEO plugin. -->","yoast_head_json":{"title":"Masajes Capilares: Fuerza y Salud a tu Cabello. - Responsabilidad Parental","description":"En este art\u00edculo queremos centrarnos en el hecho de que una rutina de masajes capilares aminora significativamente los efectos de la ca\u00edda de cabello.","robots":{"index":"index","follow":"follow","max-snippet":"max-snippet:-1","max-image-preview":"max-image-preview:large","max-video-preview":"max-video-preview:-1"},"canonical":"https:\/\/dev.tresmedios.cl\/parental\/masajes-capilares-fuerza-y-salud-a-tu-cabello\/","og_locale":"es_ES","og_type":"article","og_title":"Masajes Capilares: Fuerza y Salud a tu Cabello. - Responsabilidad Parental","og_description":"En este art\u00edculo queremos centrarnos en el hecho de que una rutina de masajes capilares aminora significativamente los efectos de la ca\u00edda de cabello.","og_url":"https:\/\/dev.tresmedios.cl\/parental\/masajes-capilares-fuerza-y-salud-a-tu-cabello\/","og_site_name":"Responsabilidad Parental","article_publisher":"https:\/\/www.facebook.com\/shasconasspa\/","article_published_time":"2019-10-01T03:01:39+00:00","article_modified_time":"2019-09-30T17:45:25+00:00","og_image":[{"width":833,"height":430,"url":"https:\/\/dev.tresmedios.cl\/parental\/wp-content\/uploads\/2019\/09\/Masajes-Capilares-Fuerza-y-Salud-a-tu-Cabello.jpg","type":"image\/jpeg"}],"author":"SHASCONAS","twitter_card":"summary_large_image","twitter_creator":"@shasconasspa1","twitter_site":"@shasconasspa1","twitter_misc":{"Written by":"SHASCONAS","Est. reading time":"2 minutos"},"schema":{"@context":"https:\/\/schema.org","@graph":[{"@type":"Article","@id":"https:\/\/dev.tresmedios.cl\/parental\/masajes-capilares-fuerza-y-salud-a-tu-cabello\/#article","isPartOf":{"@id":"https:\/\/dev.tresmedios.cl\/parental\/masajes-capilares-fuerza-y-salud-a-tu-cabello\/"},"author":{"name":"SHASCONAS","@id":"https:\/\/dev.tresmedios.cl\/parental\/#\/schema\/person\/598ba6a48ca908d272f077da5b41213b"},"headline":"Masajes Capilares: Fuerza y Salud a tu Cabello.","datePublished":"2019-10-01T03:01:39+00:00","dateModified":"2019-09-30T17:45:25+00:00","mainEntityOfPage":{"@id":"https:\/\/dev.tresmedios.cl\/parental\/masajes-capilares-fuerza-y-salud-a-tu-cabello\/"},"wordCount":414,"commentCount":0,"publisher":{"@id":"https:\/\/dev.tresmedios.cl\/parental\/#organization"},"articleSection":["Art\u00edculos de Inter\u00e9s"],"inLanguage":"es-CL","potentialAction":[{"@type":"CommentAction","name":"Comment","target":["https:\/\/dev.tresmedios.cl\/parental\/masajes-capilares-fuerza-y-salud-a-tu-cabello\/#respond"]}]},{"@type":"WebPage","@id":"https:\/\/dev.tresmedios.cl\/parental\/masajes-capilares-fuerza-y-salud-a-tu-cabello\/","url":"https:\/\/dev.tresmedios.cl\/parental\/masajes-capilares-fuerza-y-salud-a-tu-cabello\/","name":"Masajes Capilares: Fuerza y Salud a tu Cabello. - Responsabilidad Parental","isPartOf":{"@id":"https:\/\/dev.tresmedios.cl\/parental\/#website"},"datePublished":"2019-10-01T03:01:39+00:00","dateModified":"2019-09-30T17:45:25+00:00","description":"En este art\u00edculo queremos centrarnos en el hecho de que una rutina de masajes capilares aminora significativamente los efectos de la ca\u00edda de cabello.","breadcrumb":{"@id":"https:\/\/dev.tresmedios.cl\/parental\/masajes-capilares-fuerza-y-salud-a-tu-cabello\/#breadcrumb"},"inLanguage":"es-CL","potentialAction":[{"@type":"ReadAction","target":["https:\/\/dev.tresmedios.cl\/parental\/masajes-capilares-fuerza-y-salud-a-tu-cabello\/"]}]},{"@type":"BreadcrumbList","@id":"https:\/\/dev.tresmedios.cl\/parental\/masajes-capilares-fuerza-y-salud-a-tu-cabello\/#breadcrumb","itemListElement":[{"@type":"ListItem","position":1,"name":"Portada","item":"https:\/\/dev.tresmedios.cl\/parental\/"},{"@type":"ListItem","position":2,"name":"Masajes Capilares: Fuerza y Salud a tu Cabello."}]},{"@type":"WebSite","@id":"https:\/\/dev.tresmedios.cl\/parental\/#website","url":"https:\/\/dev.tresmedios.cl\/parental\/","name":"Shasconas SPA","description":"By Sherie Helmich","publisher":{"@id":"https:\/\/dev.tresmedios.cl\/parental\/#organization"},"potentialAction":[{"@type":"SearchAction","target":{"@type":"EntryPoint","urlTemplate":"https:\/\/dev.tresmedios.cl\/parental\/?s={search_term_string}"},"query-input":"required name=search_term_string"}],"inLanguage":"es-CL"},{"@type":"Organization","@id":"https:\/\/dev.tresmedios.cl\/parental\/#organization","name":"Shasconas","url":"https:\/\/dev.tresmedios.cl\/parental\/","sameAs":["https:\/\/www.instagram.com\/shasconasspa\/","https:\/\/www.facebook.com\/shasconasspa\/","https:\/\/twitter.com\/shasconasspa1"],"logo":{"@type":"ImageObject","inLanguage":"es-CL","@id":"https:\/\/dev.tresmedios.cl\/parental\/#\/schema\/logo\/image\/","url":"https:\/\/dev.tresmedios.cl\/parental\/wp-content\/uploads\/2019\/01\/Logo-Shasconas-RTNA.png","contentUrl":"https:\/\/dev.tresmedios.cl\/parental\/wp-content\/uploads\/2019\/01\/Logo-Shasconas-RTNA.png","width":349,"height":160,"caption":"Shasconas"},"image":{"@id":"https:\/\/dev.tresmedios.cl\/parental\/#\/schema\/logo\/image\/"}},{"@type":"Person","@id":"https:\/\/dev.tresmedios.cl\/parental\/#\/schema\/person\/598ba6a48ca908d272f077da5b41213b","name":"SHASCONAS","image":{"@type":"ImageObject","inLanguage":"es-CL","@id":"https:\/\/dev.tresmedios.cl\/parental\/#\/schema\/person\/image\/","url":"https:\/\/secure.gravatar.com\/avatar\/d021ca9df1a200875eca0a73eb9417dd?s=96&d=mm&r=g","contentUrl":"https:\/\/secure.gravatar.com\/avatar\/d021ca9df1a200875eca0a73eb9417dd?s=96&d=mm&r=g","caption":"SHASCONAS"}}]}},"_links":{"self":[{"href":"https:\/\/dev.tresmedios.cl\/parental\/wp-json\/wp\/v2\/posts\/1496"}],"collection":[{"href":"https:\/\/dev.tresmedios.cl\/parental\/wp-json\/wp\/v2\/posts"}],"about":[{"href":"https:\/\/dev.tresmedios.cl\/parental\/wp-json\/wp\/v2\/types\/post"}],"author":[{"embeddable":true,"href":"https:\/\/dev.tresmedios.cl\/parental\/wp-json\/wp\/v2\/users\/1"}],"replies":[{"embeddable":true,"href":"https:\/\/dev.tresmedios.cl\/parental\/wp-json\/wp\/v2\/comments?post=1496"}],"version-history":[{"count":3,"href":"https:\/\/dev.tresmedios.cl\/parental\/wp-json\/wp\/v2\/posts\/1496\/revisions"}],"predecessor-version":[{"id":1500,"href":"https:\/\/dev.tresmedios.cl\/parental\/wp-json\/wp\/v2\/posts\/1496\/revisions\/1500"}],"wp:featuredmedia":[{"embeddable":true,"href":"https:\/\/dev.tresmedios.cl\/parental\/wp-json\/wp\/v2\/media\/1497"}],"wp:attachment":[{"href":"https:\/\/dev.tresmedios.cl\/parental\/wp-json\/wp\/v2\/media?parent=1496"}],"wp:term":[{"taxonomy":"category","embeddable":true,"href":"https:\/\/dev.tresmedios.cl\/parental\/wp-json\/wp\/v2\/categories?post=1496"},{"taxonomy":"post_tag","embeddable":true,"href":"https:\/\/dev.tresmedios.cl\/parental\/wp-json\/wp\/v2\/tags?post=1496"}],"curies":[{"name":"wp","href":"https:\/\/api.w.org\/{rel}","templated":true}]}}